{"id":3203,"date":"2025-03-13T21:07:04","date_gmt":"2025-03-13T19:07:04","guid":{"rendered":"https:\/\/mvd-koblenz.de\/?p=3203"},"modified":"2025-06-11T16:50:45","modified_gmt":"2025-06-11T14:50:45","slug":"mitgliederversammlung-2025","status":"publish","type":"post","link":"https:\/\/mvd-koblenz.de\/?p=3203","title":{"rendered":"Terminplanung 2025 &#8211; MVD Koblenz e.V."},"content":{"rendered":"\n<p>Hier findet Ihr unsere Terminplanung f\u00fcr 2025.<\/p>\n\n\n\n<p>Wir bitten die Hinweise zur jeweiligen &#8222;Anmeldung&#8220; zu beachten.<\/p>\n\n\n\n<p><strong>MVD 22.03.2025 &#8211; Mitgliederversammlung<\/strong>, im Golfclub Denzer Heide<\/p>\n\n\n\n<p><strong>MVD 02.05.2025 &#8211; 04.05.2025 \u2013 \u201eAngrillen bei Calvin\u201c <\/strong>ggf. mit Planwagenfahrt \u00fcber die SMH, Anmeldung bis zum 25.04.2025 an: &#x69;&#x6e;&#x66;&#111;&#64;mv&#x64;&#x2d;&#x6b;&#x6f;&#98;&#108;en&#x7a;&#x2e;&#x64;&#101;<\/p>\n\n\n\n<p><strong>MVD 20.06.2025 &#8211; 22.06.2025 \u201eMVD Midsommar\u201c mit Philipps Rundfahrt, Ernst<\/strong>, Anmeldung bis zum 13.06.2025 an: &#105;&#110;&#x66;&#x6f;&#64;&#109;&#x76;&#x64;&#45;&#107;&#x6f;&#x62;&#108;&#101;&#x6e;&#x7a;&#46;&#100;&#x65;<\/p>\n\n\n\n<p><strong>MVD 08.08.2025 &#8211; 10.08.2025 \u201eB\u00f6ser Wolf\u201c Offroarfahren<\/strong>, Anmeldung bis zum 01.08.2025 an: i&#110;&#102;&#x6f;&#x40;&#x6d;v&#100;&#45;&#x6b;&#x6f;&#x62;le&#110;&#x7a;&#x2e;&#x64;e<\/p>\n\n\n\n<p><strong>MVD 04.09. &#8211; 07.09.2025 \u201eSchmidtenh\u00f6he &#8211; das Original\u201c \/\/ ABGESAGT<\/strong><\/p>\n\n\n\n<p>Leider war es nach intensiver Pr\u00fcfung in Abstimmung mit den zust\u00e4ndigen Stellen nicht m\u00f6glich eine Genehmigung f\u00fcr die Nutzung und das Befahren von Fl\u00e4chen zu erhalten, obwohl die Beteiligten unserem Vorhaben positiv gegen\u00fcber standen. Umso mehr freuen wir uns auf das Offroadfahren beim &#8222;B\u00f6sen Wolf&#8220; in entspannter Atmosph\u00e4re!<\/p>\n\n\n\n<p><strong>MVD 10.10.2025 &#8211; 12.10.2025 \u2013 \u201eEnd of Season\u201c<\/strong>, Anmeldung bis zum 03.10.2025 an: &#x69;&#x6e;&#102;o&#64;&#x6d;&#x76;&#100;&#45;k&#x6f;&#x62;&#108;&#101;n&#x7a;&#x2e;&#x64;&#101;<\/p>\n\n\n\n<p><strong>MVD 14.11.2025 &#8211; 16.11.2025 \u2013 \u201eWintergrillen bei Calvin\u201c<\/strong>, Anmeldung bis zum 07.11.2025 an: &#x69;&#110;f&#x6f;&#64;&#109;&#x76;&#x64;&#45;k&#x6f;&#98;l&#x65;&#x6e;&#122;&#46;&#x64;&#101;<\/p>\n\n\n\n<p><strong>MVD 13.12.2025 \u2013 \u201eWeihnachtsfeier im Roten Ochsen in Rhens\u201c<\/strong>, Anmeldung bis zum 05.12.2025 an: &#x69;n&#x66;&#111;&#x40;&#109;v&#x64;-&#x6b;&#111;&#x62;&#108;e&#x6e;&#122;&#x2e;&#100;e<\/p>\n\n\n\n<p> <\/p>\n\n\n\n<p><strong>Weitere Veranstaltungen an denen der MVD voraussichtlich teilnehmen wird:<\/strong><\/p>\n\n\n\n<p>MFFV 10.04. &#8211; 13.04.2025 &#8211; Eifelgrillen in Schleiden, Anmeldung bis 14 Tage vor dem Event \u00fcber Dietmar: orga&#64;&#109;&#118;&#100;&#45;&#107;&#111;&#x62;&#x6c;&#x65;&#x6e;&#x7a;&#x2e;&#x64;&#x65;<\/p>\n\n\n\n<p>MFFV 17.04. &#8211; 19.04.2025 &#8211; \u201eCarfreitag\u201c am N\u00fcrburgring, Anmeldung bis 14 Tage vor dem Event \u00fcber Dietmar: &#x6f;&#x72;&#103;a&#x40;&#x6d;&#118;d-&#x6b;&#x6f;&#98;l&#x65;&#x6e;&#122;&#46;d&#x65;<\/p>\n\n\n\n<p>MFFV 20.04.2025 &#8211; Oster Ausfahrt, Anmeldung bis 14 Tage vor dem Event \u00fcber Dietmar: &#x6f;&#114;g&#x61;&#64;m&#x76;&#100;-&#x6b;&#111;b&#x6c;&#101;n&#x7a;&#46;d&#x65;<\/p>\n\n\n\n<p>28.05.2025 &#8211; 01.06.2025 &#8211; Treffen in Hammelburg, Teilnahmemitteilung bis 14 Tage vor dem Event \u00fcber Dietmar: &#111;r&#x67;a&#x40;m&#x76;d&#x2d;k&#x6f;b&#x6c;&#101;&#x6e;&#122;&#x2e;&#100;&#x65;; individuelle Anmeldung unmittelbar beim Veranstalter!<\/p>\n\n\n\n<p>MFFV 29.05.2025 &#8211; Vatertagsausfahrt \u201ef\u00fcr die Jungs\u201c, Anmeldung bis 14 Tage vor dem Event \u00fcber Dietmar: orga&#64;&#109;&#118;&#100;&#45;&#x6b;&#x6f;&#x62;&#x6c;&#x65;&#x6e;&#x7a;&#46;de<\/p>\n\n\n\n<p>05.06. &#8211; 08.06.2025 US-Car-Treffen in Mendig, Teilnahmemitteilung bis 14 Tage vor dem Event \u00fcber Dietmar: &#111;&#x72;&#x67;&#97;&#x40;&#x6d;v&#x64;&#x2d;k&#111;&#x62;l&#101;&#x6e;z&#46;&#x64;e; individuelle Anmeldung unmittelbar beim Veranstalter bzw. vor Ort!<\/p>\n\n\n\n<p>15.06.2025 \u2013 Wiedtal Classics (Oldtimertreffen), Teilnahmemitteilung bis 14 Tage vor dem Event \u00fcber Dietmar: &#x6f;&#x72;&#x67;&#x61;&#x40;&#x6d;&#x76;&#x64;&#x2d;&#x6b;&#x6f;&#x62;&#x6c;&#x65;&#x6e;&#x7a;&#x2e;&#x64;&#x65;; individuelle Anmeldung unmittelbar beim Veranstalter!<\/p>\n\n\n\n<p>28.06.2025 Tag der Bundeswehr in Koblenz, Teilnahmemitteilung bis 14 Tage vor dem Event \u00fcber Dietmar: &#111;&#x72;&#103;&#x61;&#64;&#x6d;v&#100;&#x2d;&#107;&#x6f;&#98;&#x6c;e&#x6e;z&#46;&#x64;&#101;<\/p>\n\n\n\n<p>11.07. \u2013 13.07.2025 \u2013 Truck Grand Prix am N\u00fcrburgring, Teilnahmemitteilung bis 14 Tage vor dem Event \u00fcber Dietmar: &#111;&#x72;g&#97;&#x40;m&#118;&#x64;-&#x6b;&#x6f;&#98;&#x6c;e&#110;&#x7a;&#46;&#100;&#x65;; individuelle Anmeldung unmittelbar beim Veranstalter!<\/p>\n\n\n\n<p>15.08. \u2013 17.05.2025 \u2013 Oldtimertreffen Mondorf, Teilnahmemitteilung bis 14 Tage vor dem Event \u00fcber Dietmar: &#111;r&#103;a&#64;m&#x76;d&#x2d;k&#x6f;b&#x6c;e&#x6e;z&#x2e;d&#x65;; individuelle Anmeldung unmittelbar beim Veranstalter!<\/p>\n\n\n\n<p>11.09.2025 &#8211; 14.09.2025 Treffen in Dornburg, Teilnahmemitteilung bis 14 Tage vor dem Event \u00fcber Dietmar: &#x6f;&#x72;&#x67;&#x61;&#64;&#109;&#118;&#100;-ko&#x62;&#x6c;&#x65;&#x6e;&#x7a;&#46;&#100;&#101;; individuelle Anmeldung unmittelbar beim Veranstalter!<\/p>\n","protected":false},"excerpt":{"rendered":"<p>Hier findet Ihr unsere Terminplanung f\u00fcr 2025. Wir bitten die Hinweise zur jeweiligen &#8222;Anmeldung&#8220; zu beachten. MVD 22.03.2025 &#8211; Mitgliederversammlung, im Golfclub Denzer Heide MVD 02.05.2025 &#8211; 04.05.2025 \u2013 \u201eAngrillen bei Calvin\u201c ggf. mit Planwagenfahrt \u00fcber die SMH, Anmeldung bis zum 25.04.2025 an: &#x69;&#110;f&#x6f;&#64;m&#x76;&#100;-&#x6b;&#111;b&#x6c;&#101;n&#x7a;&#46;d&#x65; MVD 20.06.2025 &#8211; 22.06.2025 \u201eMVD Midsommar\u201c mit Philipps Rundfahrt, Ernst, Anmeldung &hellip; <\/p>\n<p><a class=\"more-link btn\" href=\"https:\/\/mvd-koblenz.de\/?p=3203\">Weiterlesen<\/a><\/p>\n","protected":false},"author":13,"featured_media":0,"comment_status":"closed","ping_status":"open","sticky":false,"template":"","format":"standard","meta":{"footnotes":""},"categories":[9],"tags":[],"_links":{"self":[{"href":"https:\/\/mvd-koblenz.de\/index.php?rest_route=\/wp\/v2\/posts\/3203"}],"collection":[{"href":"https:\/\/mvd-koblenz.de\/index.php?rest_route=\/wp\/v2\/posts"}],"about":[{"href":"https:\/\/mvd-koblenz.de\/index.php?rest_route=\/wp\/v2\/types\/post"}],"author":[{"embeddable":true,"href":"https:\/\/mvd-koblenz.de\/index.php?rest_route=\/wp\/v2\/users\/13"}],"replies":[{"embeddable":true,"href":"https:\/\/mvd-koblenz.de\/index.php?rest_route=%2Fwp%2Fv2%2Fcomments&post=3203"}],"version-history":[{"count":5,"href":"https:\/\/mvd-koblenz.de\/index.php?rest_route=\/wp\/v2\/posts\/3203\/revisions"}],"predecessor-version":[{"id":3213,"href":"https:\/\/mvd-koblenz.de\/index.php?rest_route=\/wp\/v2\/posts\/3203\/revisions\/3213"}],"wp:attachment":[{"href":"https:\/\/mvd-koblenz.de\/index.php?rest_route=%2Fwp%2Fv2%2Fmedia&parent=3203"}],"wp:term":[{"taxonomy":"category","embeddable":true,"href":"https:\/\/mvd-koblenz.de\/index.php?rest_route=%2Fwp%2Fv2%2Fcategories&post=3203"},{"taxonomy":"post_tag","embeddable":true,"href":"https:\/\/mvd-koblenz.de\/index.php?rest_route=%2Fwp%2Fv2%2Ftags&post=3203"}],"curies":[{"name":"wp","href":"https:\/\/api.w.org\/{rel}","templated":true}]}}