{"id":3144,"date":"2024-03-22T12:54:14","date_gmt":"2024-03-22T10:54:14","guid":{"rendered":"https:\/\/mvd-koblenz.de\/?p=3144"},"modified":"2024-09-16T17:43:00","modified_gmt":"2024-09-16T15:43:00","slug":"klarstellung","status":"publish","type":"post","link":"https:\/\/mvd-koblenz.de\/?p=3144","title":{"rendered":"Klarstellung"},"content":{"rendered":"\n<p>Liebe Freunde des MVD Koblenz,<\/p>\n\n\n\n<p>aus aktuellem Anlass ist es zur Klarstellung erforderlich darauf hinzuweisen, dass Herr Stephan Haussels in keiner Weise mehr f\u00fcr oder im Namen des MVD handelt.<\/p>\n\n\n\n<p>Herr Haussels ist am 28.10.2023 als 1. Vorsitzender zur\u00fcck- und zwischenzeitlich aus dem Verein ausgetreten.<\/p>\n\n\n\n<p>Aktivit\u00e4ten und Veranstaltungen die er organisiert und \u00fcber Medienplattformen die dem Verein zuzurechnen sind (z. B. Facebook, WhatsApp-Gruppen o. \u00e4.) kommuniziert, stehen in keinem Zusammenhang mit dem MVD Koblenz e.V.; f\u00fcr solche ist Herr Haussels ausschlie\u00dflich selbst verantwortlich und tr\u00e4gt die Haftung.<\/p>\n\n\n\n<p>Mit den besten Gr\u00fc\u00dfen<\/p>\n\n\n\n<p>Der Vorstand des MVD Koblenz e.V.<\/p>\n","protected":false},"excerpt":{"rendered":"<p>Liebe Freunde des MVD Koblenz, aus aktuellem Anlass ist es zur Klarstellung erforderlich darauf hinzuweisen, dass Herr Stephan Haussels in keiner Weise mehr f\u00fcr oder im Namen des MVD handelt. Herr Haussels ist am 28.10.2023 als 1. Vorsitzender zur\u00fcck- und zwischenzeitlich aus dem Verein ausgetreten. Aktivit\u00e4ten und Veranstaltungen die er organisiert und \u00fcber Medienplattformen die &hellip; <\/p>\n<p><a class=\"more-link btn\" href=\"https:\/\/mvd-koblenz.de\/?p=3144\">Weiterlesen<\/a><\/p>\n","protected":false},"author":13,"featured_media":0,"comment_status":"closed","ping_status":"open","sticky":false,"template":"","format":"standard","meta":{"footnotes":""},"categories":[9],"tags":[],"_links":{"self":[{"href":"https:\/\/mvd-koblenz.de\/index.php?rest_route=\/wp\/v2\/posts\/3144"}],"collection":[{"href":"https:\/\/mvd-koblenz.de\/index.php?rest_route=\/wp\/v2\/posts"}],"about":[{"href":"https:\/\/mvd-koblenz.de\/index.php?rest_route=\/wp\/v2\/types\/post"}],"author":[{"embeddable":true,"href":"https:\/\/mvd-koblenz.de\/index.php?rest_route=\/wp\/v2\/users\/13"}],"replies":[{"embeddable":true,"href":"https:\/\/mvd-koblenz.de\/index.php?rest_route=%2Fwp%2Fv2%2Fcomments&post=3144"}],"version-history":[{"count":1,"href":"https:\/\/mvd-koblenz.de\/index.php?rest_route=\/wp\/v2\/posts\/3144\/revisions"}],"predecessor-version":[{"id":3145,"href":"https:\/\/mvd-koblenz.de\/index.php?rest_route=\/wp\/v2\/posts\/3144\/revisions\/3145"}],"wp:attachment":[{"href":"https:\/\/mvd-koblenz.de\/index.php?rest_route=%2Fwp%2Fv2%2Fmedia&parent=3144"}],"wp:term":[{"taxonomy":"category","embeddable":true,"href":"https:\/\/mvd-koblenz.de\/index.php?rest_route=%2Fwp%2Fv2%2Fcategories&post=3144"},{"taxonomy":"post_tag","embeddable":true,"href":"https:\/\/mvd-koblenz.de\/index.php?rest_route=%2Fwp%2Fv2%2Ftags&post=3144"}],"curies":[{"name":"wp","href":"https:\/\/api.w.org\/{rel}","templated":true}]}}